{"id":1945,"date":"2026-09-02T14:27:11","date_gmt":"2026-09-02T13:27:11","guid":{"rendered":"https:\/\/www.tafel-dormagen.de\/?p=1945"},"modified":"2026-09-02T14:27:11","modified_gmt":"2026-09-02T13:27:11","slug":"die-kleiderkammer-oeffnet-wieder","status":"publish","type":"post","link":"https:\/\/www.tafel-dormagen.de\/?p=1945","title":{"rendered":"Die Kleiderkammer \u00f6ffnet wieder!"},"content":{"rendered":"\n<p>Jeden ersten Donnerstag im Monat \u00f6ffnet die Kleiderkammer der Tafel Dormagen e. V. ihre T\u00fcren f\u00fcr alle Interessierten. Wir sind von 18:00 bis 20:00 Uhr f\u00fcr Sie da und freuen uns auf Ihren Besuch!<\/p>\n\n\n\n<figure class=\"wp-block-image size-full\"><img loading=\"lazy\" decoding=\"async\" width=\"350\" height=\"495\" src=\"https:\/\/www.tafel-dormagen.de\/wp-content\/uploads\/2026\/09\/2026-Kleiderkammer-350px-copy.jpg\" alt=\"\" class=\"wp-image-1944\" srcset=\"https:\/\/www.tafel-dormagen.de\/wp-content\/uploads\/2026\/09\/2026-Kleiderkammer-350px-copy.jpg 350w, https:\/\/www.tafel-dormagen.de\/wp-content\/uploads\/2026\/09\/2026-Kleiderkammer-350px-copy-212x300.jpg 212w\" sizes=\"(max-width: 350px) 100vw, 350px\" \/><\/figure>\n","protected":false},"excerpt":{"rendered":"<p>Jeden ersten Donnerstag im Monat \u00f6ffnet die Kleiderkammer der Tafel Dormagen e. V. ihre T\u00fcren f\u00fcr alle Interessierten. Wir sind von 18:00 bis 20:00 Uhr f\u00fcr Sie da und freuen uns auf Ihren Besuch!<\/p>\n","protected":false},"author":2,"featured_media":0,"comment_status":"closed","ping_status":"closed","sticky":false,"template":"","format":"standard","meta":{"footnotes":""},"categories":[1],"tags":[],"_links":{"self":[{"href":"https:\/\/www.tafel-dormagen.de\/index.php?rest_route=\/wp\/v2\/posts\/1945"}],"collection":[{"href":"https:\/\/www.tafel-dormagen.de\/index.php?rest_route=\/wp\/v2\/posts"}],"about":[{"href":"https:\/\/www.tafel-dormagen.de\/index.php?rest_route=\/wp\/v2\/types\/post"}],"author":[{"embeddable":true,"href":"https:\/\/www.tafel-dormagen.de\/index.php?rest_route=\/wp\/v2\/users\/2"}],"replies":[{"embeddable":true,"href":"https:\/\/www.tafel-dormagen.de\/index.php?rest_route=%2Fwp%2Fv2%2Fcomments&post=1945"}],"version-history":[{"count":1,"href":"https:\/\/www.tafel-dormagen.de\/index.php?rest_route=\/wp\/v2\/posts\/1945\/revisions"}],"predecessor-version":[{"id":1946,"href":"https:\/\/www.tafel-dormagen.de\/index.php?rest_route=\/wp\/v2\/posts\/1945\/revisions\/1946"}],"wp:attachment":[{"href":"https:\/\/www.tafel-dormagen.de\/index.php?rest_route=%2Fwp%2Fv2%2Fmedia&parent=1945"}],"wp:term":[{"taxonomy":"category","embeddable":true,"href":"https:\/\/www.tafel-dormagen.de\/index.php?rest_route=%2Fwp%2Fv2%2Fcategories&post=1945"},{"taxonomy":"post_tag","embeddable":true,"href":"https:\/\/www.tafel-dormagen.de\/index.php?rest_route=%2Fwp%2Fv2%2Ftags&post=1945"}],"curies":[{"name":"wp","href":"https:\/\/api.w.org\/{rel}","templated":true}]}}