{"id":1948,"date":"2026-09-03T13:34:11","date_gmt":"2026-09-03T12:34:11","guid":{"rendered":"https:\/\/www.tafel-dormagen.de\/?p=1948"},"modified":"2026-09-03T13:38:27","modified_gmt":"2026-09-03T12:38:27","slug":"kommunalpolitiker-besuchen-die-tafel-dormagen","status":"publish","type":"post","link":"https:\/\/www.tafel-dormagen.de\/?p=1948","title":{"rendered":"Kommunalpolitiker besuchen die Tafel Dormagen"},"content":{"rendered":"\n<p>Die Tafel Dormagen durfte erneut G\u00e4ste aus der Kommunalpolitik begr\u00fc\u00dfen: Nils Bergschneider (Die PARTEI) und Ren\u00e9 Jungbluth (B\u00fcndnis 90\/Die Gr\u00fcnen) besuchten unsere Einrichtung, um sich ausf\u00fchrlich \u00fcber die Abl\u00e4ufe und die t\u00e4gliche Arbeit vor Ort zu informieren.<\/p>\n\n\n\n<figure class=\"wp-block-image size-full\"><img loading=\"lazy\" decoding=\"async\" width=\"350\" height=\"257\" src=\"https:\/\/www.tafel-dormagen.de\/wp-content\/uploads\/2026\/09\/2026-08-Jungbluth-Bergschneider.jpg\" alt=\"\" title=\"vlnr: Nils Bergschneider, Claudia Manousek, Rene\u0301 Jungbluth\" class=\"wp-image-1947\" srcset=\"https:\/\/www.tafel-dormagen.de\/wp-content\/uploads\/2026\/09\/2026-08-Jungbluth-Bergschneider.jpg 350w, https:\/\/www.tafel-dormagen.de\/wp-content\/uploads\/2026\/09\/2026-08-Jungbluth-Bergschneider-300x220.jpg 300w\" sizes=\"(max-width: 350px) 100vw, 350px\" \/><\/figure>\n\n\n\n<p>Dabei blieb es nicht beim Zuschauen: Beide packten tatkr\u00e4ftig mit an und unterst\u00fctzten unser Team bei der Lebensmittelausgabe. Wir bedanken uns au\u00dferdem f\u00fcr die wertsch\u00e4tzenden Worte \u00fcber die Tafel Dormagen, die sie auf ihrem <a href=\"https:\/\/www.tiktok.com\/@jungbluth.bergsch\/video\/7669047175539674401\" data-type=\"link\" data-id=\"https:\/\/www.tiktok.com\/@jungbluth.bergsch\/video\/7669047175539674401\" target=\"_blank\" rel=\"noreferrer noopener\">TikTok-Kanal<\/a> ver\u00f6ffentlicht haben.<\/p>\n","protected":false},"excerpt":{"rendered":"<p>Die Tafel Dormagen durfte erneut G\u00e4ste aus der Kommunalpolitik begr\u00fc\u00dfen: Nils Bergschneider (Die PARTEI) und Ren\u00e9 Jungbluth (B\u00fcndnis 90\/Die Gr\u00fcnen) besuchten unsere Einrichtung, um sich ausf\u00fchrlich \u00fcber die Abl\u00e4ufe und die t\u00e4gliche Arbeit vor Ort zu informieren. Dabei blieb es &hellip; <a href=\"https:\/\/www.tafel-dormagen.de\/?p=1948\">Weiterlesen <span class=\"meta-nav\">&rarr;<\/span><\/a><\/p>\n","protected":false},"author":2,"featured_media":0,"comment_status":"closed","ping_status":"closed","sticky":false,"template":"","format":"standard","meta":{"footnotes":""},"categories":[1],"tags":[],"_links":{"self":[{"href":"https:\/\/www.tafel-dormagen.de\/index.php?rest_route=\/wp\/v2\/posts\/1948"}],"collection":[{"href":"https:\/\/www.tafel-dormagen.de\/index.php?rest_route=\/wp\/v2\/posts"}],"about":[{"href":"https:\/\/www.tafel-dormagen.de\/index.php?rest_route=\/wp\/v2\/types\/post"}],"author":[{"embeddable":true,"href":"https:\/\/www.tafel-dormagen.de\/index.php?rest_route=\/wp\/v2\/users\/2"}],"replies":[{"embeddable":true,"href":"https:\/\/www.tafel-dormagen.de\/index.php?rest_route=%2Fwp%2Fv2%2Fcomments&post=1948"}],"version-history":[{"count":4,"href":"https:\/\/www.tafel-dormagen.de\/index.php?rest_route=\/wp\/v2\/posts\/1948\/revisions"}],"predecessor-version":[{"id":1952,"href":"https:\/\/www.tafel-dormagen.de\/index.php?rest_route=\/wp\/v2\/posts\/1948\/revisions\/1952"}],"wp:attachment":[{"href":"https:\/\/www.tafel-dormagen.de\/index.php?rest_route=%2Fwp%2Fv2%2Fmedia&parent=1948"}],"wp:term":[{"taxonomy":"category","embeddable":true,"href":"https:\/\/www.tafel-dormagen.de\/index.php?rest_route=%2Fwp%2Fv2%2Fcategories&post=1948"},{"taxonomy":"post_tag","embeddable":true,"href":"https:\/\/www.tafel-dormagen.de\/index.php?rest_route=%2Fwp%2Fv2%2Ftags&post=1948"}],"curies":[{"name":"wp","href":"https:\/\/api.w.org\/{rel}","templated":true}]}}